{"id":18,"count":1,"description":"","link":"https:\/\/www.prado-vilamoura.com\/pt-pt\/villa_cat\/quinta-do-lago-pt-pt\/","name":"Quinta do Lago","slug":"quinta-do-lago-pt-pt","taxonomy":"portfolio_cat","parent":0,"meta":[],"yoast_head":"<!-- This site is optimized with the Yoast SEO Premium plugin v20.0 (Yoast SEO v20.0) - https:\/\/yoast.com\/wordpress\/plugins\/seo\/ -->\n<title>Quinta do Lago Archives | Prado Vilamoura<\/title>\n<meta name=\"description\" content=\"A nossa acomoda\u00e7\u00e3o na Quinta do Lago no Algarve s\u00e3o selecionados a dedo para garantir a suas f\u00e9rias perfeitas na Quinta do Lago, Algarve\" \/>\n<meta name=\"robots\" content=\"index, follow, max-snippet:-1, max-image-preview:large, max-video-preview:-1\" \/>\n<link rel=\"canonical\" href=\"https:\/\/www.prado-vilamoura.com\/pt-pt\/villa_cat\/quinta-do-lago-pt-pt\/\" \/>\n<meta property=\"og:locale\" content=\"pt_PT\" \/>\n<meta property=\"og:type\" content=\"article\" \/>\n<meta property=\"og:title\" content=\"Quinta do Lago Archives\" \/>\n<meta property=\"og:description\" content=\"A nossa acomoda\u00e7\u00e3o na Quinta do Lago no Algarve s\u00e3o selecionados a dedo para garantir a suas f\u00e9rias perfeitas na Quinta do Lago, Algarve\" \/>\n<meta property=\"og:url\" content=\"https:\/\/www.prado-vilamoura.com\/pt-pt\/villa_cat\/quinta-do-lago-pt-pt\/\" \/>\n<meta property=\"og:site_name\" content=\"Prado Vilamoura\" \/>\n<meta name=\"twitter:card\" content=\"summary_large_image\" \/>\n<meta name=\"twitter:site\" content=\"@pradovilamoura\" \/>\n<script type=\"application\/ld+json\" class=\"yoast-schema-graph\">{\"@context\":\"https:\/\/schema.org\",\"@graph\":[{\"@type\":\"CollectionPage\",\"@id\":\"https:\/\/www.prado-vilamoura.com\/pt-pt\/villa_cat\/quinta-do-lago-pt-pt\/\",\"url\":\"https:\/\/www.prado-vilamoura.com\/pt-pt\/villa_cat\/quinta-do-lago-pt-pt\/\",\"name\":\"Quinta do Lago Archives | Prado Vilamoura\",\"isPartOf\":{\"@id\":\"https:\/\/www.prado-vilamoura.com\/pt-pt\/#website\"},\"description\":\"A nossa acomoda\u00e7\u00e3o na Quinta do Lago no Algarve s\u00e3o selecionados a dedo para garantir a suas f\u00e9rias perfeitas na Quinta do Lago, Algarve\",\"breadcrumb\":{\"@id\":\"https:\/\/www.prado-vilamoura.com\/pt-pt\/villa_cat\/quinta-do-lago-pt-pt\/#breadcrumb\"},\"inLanguage\":\"pt-PT\"},{\"@type\":\"BreadcrumbList\",\"@id\":\"https:\/\/www.prado-vilamoura.com\/pt-pt\/villa_cat\/quinta-do-lago-pt-pt\/#breadcrumb\",\"itemListElement\":[{\"@type\":\"ListItem\",\"position\":1,\"name\":\"Home\",\"item\":\"https:\/\/www.prado-vilamoura.com\/pt-pt\/\"},{\"@type\":\"ListItem\",\"position\":2,\"name\":\"Quinta do Lago\"}]},{\"@type\":\"WebSite\",\"@id\":\"https:\/\/www.prado-vilamoura.com\/pt-pt\/#website\",\"url\":\"https:\/\/www.prado-vilamoura.com\/pt-pt\/\",\"name\":\"Prado Vilamoura\",\"description\":\"Self-catering holiday  Villas and Apartments in Vilamoura, the heart of the Algarve\",\"publisher\":{\"@id\":\"https:\/\/www.prado-vilamoura.com\/pt-pt\/#organization\"},\"potentialAction\":[{\"@type\":\"SearchAction\",\"target\":{\"@type\":\"EntryPoint\",\"urlTemplate\":\"https:\/\/www.prado-vilamoura.com\/pt-pt\/?s={search_term_string}\"},\"query-input\":\"required name=search_term_string\"}],\"inLanguage\":\"pt-PT\"},{\"@type\":\"Organization\",\"@id\":\"https:\/\/www.prado-vilamoura.com\/pt-pt\/#organization\",\"name\":\"Prado Vilamoura\",\"url\":\"https:\/\/www.prado-vilamoura.com\/pt-pt\/\",\"logo\":{\"@type\":\"ImageObject\",\"inLanguage\":\"pt-PT\",\"@id\":\"https:\/\/www.prado-vilamoura.com\/pt-pt\/#\/schema\/logo\/image\/\",\"url\":\"https:\/\/www.prado-vilamoura.com\/wp-content\/uploads\/2018\/12\/logo-full.svg\",\"contentUrl\":\"https:\/\/www.prado-vilamoura.com\/wp-content\/uploads\/2018\/12\/logo-full.svg\",\"caption\":\"Prado Vilamoura\"},\"image\":{\"@id\":\"https:\/\/www.prado-vilamoura.com\/pt-pt\/#\/schema\/logo\/image\/\"},\"sameAs\":[\"https:\/\/www.instagram.com\/pradovilamoura\",\"https:\/\/www.facebook.com\/pradovilamoura\",\"https:\/\/twitter.com\/pradovilamoura\"]}]}<\/script>\n<!-- \/ Yoast SEO Premium plugin. -->","yoast_head_json":{"title":"Quinta do Lago Archives | Prado Vilamoura","description":"A nossa acomoda\u00e7\u00e3o na Quinta do Lago no Algarve s\u00e3o selecionados a dedo para garantir a suas f\u00e9rias perfeitas na Quinta do Lago, Algarve","robots":{"index":"index","follow":"follow","max-snippet":"max-snippet:-1","max-image-preview":"max-image-preview:large","max-video-preview":"max-video-preview:-1"},"canonical":"https:\/\/www.prado-vilamoura.com\/pt-pt\/villa_cat\/quinta-do-lago-pt-pt\/","og_locale":"pt_PT","og_type":"article","og_title":"Quinta do Lago Archives","og_description":"A nossa acomoda\u00e7\u00e3o na Quinta do Lago no Algarve s\u00e3o selecionados a dedo para garantir a suas f\u00e9rias perfeitas na Quinta do Lago, Algarve","og_url":"https:\/\/www.prado-vilamoura.com\/pt-pt\/villa_cat\/quinta-do-lago-pt-pt\/","og_site_name":"Prado Vilamoura","twitter_card":"summary_large_image","twitter_site":"@pradovilamoura","schema":{"@context":"https:\/\/schema.org","@graph":[{"@type":"CollectionPage","@id":"https:\/\/www.prado-vilamoura.com\/pt-pt\/villa_cat\/quinta-do-lago-pt-pt\/","url":"https:\/\/www.prado-vilamoura.com\/pt-pt\/villa_cat\/quinta-do-lago-pt-pt\/","name":"Quinta do Lago Archives | Prado Vilamoura","isPartOf":{"@id":"https:\/\/www.prado-vilamoura.com\/pt-pt\/#website"},"description":"A nossa acomoda\u00e7\u00e3o na Quinta do Lago no Algarve s\u00e3o selecionados a dedo para garantir a suas f\u00e9rias perfeitas na Quinta do Lago, Algarve","breadcrumb":{"@id":"https:\/\/www.prado-vilamoura.com\/pt-pt\/villa_cat\/quinta-do-lago-pt-pt\/#breadcrumb"},"inLanguage":"pt-PT"},{"@type":"BreadcrumbList","@id":"https:\/\/www.prado-vilamoura.com\/pt-pt\/villa_cat\/quinta-do-lago-pt-pt\/#breadcrumb","itemListElement":[{"@type":"ListItem","position":1,"name":"Home","item":"https:\/\/www.prado-vilamoura.com\/pt-pt\/"},{"@type":"ListItem","position":2,"name":"Quinta do Lago"}]},{"@type":"WebSite","@id":"https:\/\/www.prado-vilamoura.com\/pt-pt\/#website","url":"https:\/\/www.prado-vilamoura.com\/pt-pt\/","name":"Prado Vilamoura","description":"Self-catering holiday  Villas and Apartments in Vilamoura, the heart of the Algarve","publisher":{"@id":"https:\/\/www.prado-vilamoura.com\/pt-pt\/#organization"},"potentialAction":[{"@type":"SearchAction","target":{"@type":"EntryPoint","urlTemplate":"https:\/\/www.prado-vilamoura.com\/pt-pt\/?s={search_term_string}"},"query-input":"required name=search_term_string"}],"inLanguage":"pt-PT"},{"@type":"Organization","@id":"https:\/\/www.prado-vilamoura.com\/pt-pt\/#organization","name":"Prado Vilamoura","url":"https:\/\/www.prado-vilamoura.com\/pt-pt\/","logo":{"@type":"ImageObject","inLanguage":"pt-PT","@id":"https:\/\/www.prado-vilamoura.com\/pt-pt\/#\/schema\/logo\/image\/","url":"https:\/\/www.prado-vilamoura.com\/wp-content\/uploads\/2018\/12\/logo-full.svg","contentUrl":"https:\/\/www.prado-vilamoura.com\/wp-content\/uploads\/2018\/12\/logo-full.svg","caption":"Prado Vilamoura"},"image":{"@id":"https:\/\/www.prado-vilamoura.com\/pt-pt\/#\/schema\/logo\/image\/"},"sameAs":["https:\/\/www.instagram.com\/pradovilamoura","https:\/\/www.facebook.com\/pradovilamoura","https:\/\/twitter.com\/pradovilamoura"]}]}},"_links":{"self":[{"href":"https:\/\/www.prado-vilamoura.com\/pt-pt\/wp-json\/wp\/v2\/portfolio_cat\/18"}],"collection":[{"href":"https:\/\/www.prado-vilamoura.com\/pt-pt\/wp-json\/wp\/v2\/portfolio_cat"}],"about":[{"href":"https:\/\/www.prado-vilamoura.com\/pt-pt\/wp-json\/wp\/v2\/taxonomies\/portfolio_cat"}],"wp:post_type":[{"href":"https:\/\/www.prado-vilamoura.com\/pt-pt\/wp-json\/wp\/v2\/portfolio?portfolio_cat=18"}],"curies":[{"name":"wp","href":"https:\/\/api.w.org\/{rel}","templated":true}]}}